{"id":14361,"date":"2018-05-21T18:23:28","date_gmt":"2018-05-21T21:23:28","guid":{"rendered":"https:\/\/fengshuilogico.com\/blog\/?p=14361"},"modified":"2018-05-23T18:45:59","modified_gmt":"2018-05-23T21:45:59","slug":"urano-em-touro","status":"publish","type":"post","link":"https:\/\/fengshuilogico.com\/blog\/2018\/05\/21\/urano-em-touro\/","title":{"rendered":"Urano em Touro &#8211; 2018"},"content":{"rendered":"<p>Os pr\u00f3ximos 7 anos teremos Urano no signo de Touro, que ir\u00e1 at\u00e9 abril do ano de 2026.<br \/>\nSer\u00e1 um tempo de renova\u00e7\u00e3o na \u00e1rea amorosa e econ\u00f4mica.<\/p>\n<p>Para completar, temos atualmente os planetas Saturno e Plut\u00e3o em Capric\u00f3rnio, signo de terra, assim como Touro.<\/p>\n<p><img fetchpriority=\"high\" decoding=\"async\" src=\"https:\/\/fengshuilogico.com\/blog\/wp-content\/uploads\/2018\/05\/Urano-em-touro-300x169.jpg\" alt=\"\" width=\"300\" height=\"169\" class=\"aligncenter size-medium wp-image-14367\" srcset=\"https:\/\/fengshuilogico.com\/blog\/wp-content\/uploads\/2018\/05\/Urano-em-touro-300x169.jpg 300w, https:\/\/fengshuilogico.com\/blog\/wp-content\/uploads\/2018\/05\/Urano-em-touro-768x432.jpg 768w, https:\/\/fengshuilogico.com\/blog\/wp-content\/uploads\/2018\/05\/Urano-em-touro-1024x576.jpg 1024w, https:\/\/fengshuilogico.com\/blog\/wp-content\/uploads\/2018\/05\/Urano-em-touro.jpg 1280w\" sizes=\"(max-width: 300px) 100vw, 300px\" \/><\/p>\n<p>Os \u00faltimos 7 anos, quando Urano esteve no signo de \u00c1ries, tivemos altera\u00e7\u00f5es significativas e uma expans\u00e3o da Era Digital, relacionada fortemente com o planeta Urano.<\/p>\n<blockquote><p>De uma forma pessoal, muitos sentiram fortemente esses \u00faltimos 7 anos, porque estando em \u00c1ries, regido por Marte, fomos muito mexidos em nossa forma de agir.<\/p><\/blockquote>\n<p>Descoberto em 1781 por William Herschel, Urano representa na Astrologia a for\u00e7a c\u00f3smica que provoca as mudan\u00e7as e agita\u00e7\u00f5es bruscas e repentinas, das cria\u00e7\u00f5es originais como a Internet, que provocou uma das mais profundas mudan\u00e7as na sociedade nos \u00faltimos anos.<br \/>\n\u00c9 o planeta da liberdade.<br \/>\nO perigo que j\u00e1 estamos assistindo \u00e9 o da hiperindividualiza\u00e7\u00e3o, portanto vamos esperar que muitas ideias criativas possam ser acolhidas no sentido de nos sentirmos realmente fraternos e colaboradores da nova realidade.<br \/>\nSomos n\u00f3s os art\u00edfices da realidade com nossas emo\u00e7\u00f5es, pensamentos e a\u00e7\u00f5es.<\/p>\n<p>Fala-se muito do impacto na economia, mas n\u00e3o podemos deixar de notar que Touro \u00e9 regido por V\u00eanus, ent\u00e3o haver\u00e1 tamb\u00e9m uma renova\u00e7\u00e3o na \u00e1rea amorosa.<br \/>\nSer\u00e1 inevit\u00e1vel a renova\u00e7\u00e3o na concep\u00e7\u00e3o do Amor em todas suas manifesta\u00e7\u00f5es. O Amor pelo amor, sem apegos, sem condicionamentos, sem depend\u00eancias.<br \/>\nRelacionamentos ter\u00e3o que ser sempre d\u00e1rmicos, ben\u00e9ficos, atraentes, leves como o ar.<br \/>\nSentirmo-nos amados e darmos esse amor ser\u00e1 a \u00fanica forma de vivermos esses novos tempos.<\/p>\n<blockquote><p>Algumas pessoas precisam de compreens\u00e3o.<br \/>\nOutras precisam de limites.<br \/>\nSaber agir em cada caso, e sempre com compaix\u00e3o:<br \/>\n\u00c9 assim que adquirimos Sabedoria.<\/p><\/blockquote>\n<p>Veja em que signo est\u00e1 V\u00eanus em seu mapa natal para compreender melhor essas mudan\u00e7as para voc\u00ea em particular.<br \/>\nE quais relacionamentos precisam de renova\u00e7\u00e3o ou de t\u00e9rmino.<\/p>\n<p>Touro rege os 5 sentidos (Vis\u00e3o, Audi\u00e7\u00e3o, Paladar, Tato e Olfato) e Urano rege nossos sentidos mais sutis como a Clarivid\u00eancia, Clariaudi\u00eancia, Telepatia , Intui\u00e7\u00e3o e Percep\u00e7\u00e3o (nova oitava da Intui\u00e7\u00e3o).<\/p>\n<p>&#8220;Poderemos ter um aumento de nossa percep\u00e7\u00e3o extra-sensorial, tornando o v\u00e9u entre nossos corpos f\u00edsicos e corpos espirituais, mais fino e com maior fluxo de informa\u00e7\u00f5es de um para outro. Talvez possamos passar a entender a energia como algo realmente F\u00edsico e t\u00e3o real quanto as coisas materiais, e fundamental para a Medicina atual, fazendo com que esta possa entender que al\u00e9m da sa\u00fade puramente f\u00edsica, existe tamb\u00e9m uma sa\u00fade no campo energ\u00e9tico que deve ser tratada quando necess\u00e1rio.&#8221; (Saturnino)<\/p>\n<p>&#8220;Para um F\u00edsico, o campo vibracional de uma cadeira \u00e9 t\u00e3o real quanto a pr\u00f3pria cadeira&#8221;. (Einstein)<\/p>\n<blockquote><p>Ainda pode levar muito tempo at\u00e9 compreendermos que somos filhos da eternidade&#8230; e que a maneira mais simples \u00e9 semear energias de verdade e justi\u00e7a, bases para, um dia, o AMOR se tornar real entre n\u00f3s.<br \/>\nA Hist\u00f3ria nos permite conhecer o passado e as diferentes \u00e9pocas que tiveram seu apogeu e declinaram at\u00e9 que o novo viesse. E sempre veio. Passamos por muitos sistemas de vida, e o \u00faltimo que ainda vive apesar dos seus estertores, \u00e9 um sistema que prioriza o ter, a qualquer custo.<br \/>\nOs que acreditam que tempo \u00e9 dinheiro est\u00e3o enganados.<\/p>\n<p>Tempo \u00e9 vida. Tempo \u00e9 consci\u00eancia. Esse \u00e9 o pr\u00f3ximo est\u00e1gio e os que estiverem amadurecidos em seus cora\u00e7\u00f5es e que conquistaram a si mesmos poder\u00e3o viver uma \u00e9poca nova, de luz, onde o amor \u00e9 a lei, e a vida o bem que todos queremos preservar.<\/p><\/blockquote>\n<p>INSCREVA-SE em nosso canal no YOUTUBE e receba v\u00eddeos atualizados com dicas e orienta\u00e7\u00f5es:<\/p>\n<p><strong> <a href=\"https:\/\/www.youtube.com\/watch?v=vpM0ZbpTA7s\"target=\"a_blank\"> Inscreva-se Canal Youtube\/Feng Shui L\u00f3gico<\/a><\/strong><\/p>\n<blockquote><p>      As melhores energias v\u00eam do amor pela Vida, pelo nosso planeta, pelo nosso solo, pela nossa gente e por n\u00f3s mesmos. Tudo o mais \u00e9 consequ\u00eancia disso.<\/p><\/blockquote>\n<p><strong> <a href=\"https:\/\/loja.fengshuilogico.com\/livro-feng-shui-logico-stela-vecchi.html\"target=\"a_blank\"> Livro Feng Shui L\u00f3gico, Stela Vecchi, \u00cdcone Editora, 2004 &#8211; Compre aqui:<\/a><\/strong><\/p>\n<p><a href=\"https:\/\/fengshuilogico.com\/blog\/wp-content\/uploads\/2009\/05\/feng-shui-logico-stela-vecchi-icone-editora.png\"><img decoding=\"async\" src=\"https:\/\/fengshuilogico.com\/blog\/wp-content\/uploads\/2009\/05\/feng-shui-logico-stela-vecchi-icone-editora-205x300.png\" alt=\"feng-shui-logico-stela-vecchi-icone-editora\" width=\"205\" height=\"300\" class=\"aligncenter size-medium wp-image-7586\" srcset=\"https:\/\/fengshuilogico.com\/blog\/wp-content\/uploads\/2009\/05\/feng-shui-logico-stela-vecchi-icone-editora-205x300.png 205w, https:\/\/fengshuilogico.com\/blog\/wp-content\/uploads\/2009\/05\/feng-shui-logico-stela-vecchi-icone-editora.png 343w\" sizes=\"(max-width: 205px) 100vw, 205px\" \/><\/a><\/p>\n<p><strong> <a href=\"https:\/\/fengshuilogico.com\/blog\/2012\/10\/02\/como-nasceu-o-feng-shui-logico-e-a-adaptacao-do-ba-gua-para-o-hemisferio-sul\/\"target=\"a_blank\"> A hist\u00f3ria do Feng Shui L\u00f3gico: como nasceu a adapta\u00e7\u00e3o do Ba-gu\u00e1 para o Hemisf\u00e9rio Sul?<\/a><\/strong><\/p>\n<blockquote><p>Loja Feng Shui L\u00f3gico &#8211; M\u00e9todo Solar das Quatro Esta\u00e7\u00f5es MSQE:<br \/>\nBolas de cristal facetado com o cord\u00e3o vermelho; ba-gu\u00e1s (exclusivo) para o Hemisf\u00e9rio Sul; livros e apostilas de Feng Shui L\u00f3gico e mais:<\/p><\/blockquote>\n<p><strong> <a href=\"https:\/\/loja.fengshuilogico.com\/\"target=\"_blank\"> Loja Feng Shui L\u00f3gico <\/strong><\/a><br \/>\n<strong>Confira o Programa do Curso B\u00e1sico em nosso Website:<\/strong><br \/>\n<strong><a href=\"https:\/\/loja.fengshuilogico.com\/curso-basico-feng-shui-logico-online-completo-com-video-chamada-p154\"target=\"_blank\">Programa Curso B\u00e1sico de Feng Shui L\u00f3gico<\/a><\/strong><br \/>\nParticipe dos cursos ministrados por Stela Vecchi:<br \/>\n<strong>Feng Shui L\u00f3gico: Curso B\u00e1sico, Avan\u00e7ado e Profissionalizante<\/strong><br \/>\nNos cursos de Feng Shui L\u00f3gico voc\u00ea recebe informa\u00e7\u00f5es que ser\u00e3o \u00fateis para toda sua vida!<\/p>\n<p><strong>Visite tamb\u00e9m o site: <a href=\"https:\/\/www.fengshuilogico.com\" target=\"_blank\">www.fengshuilogico.com<\/a><\/strong><\/p>\n","protected":false},"excerpt":{"rendered":"<p>Os pr\u00f3ximos 7 anos teremos Urano no signo de Touro, que ir\u00e1 at\u00e9 abril do ano de 2026. Ser\u00e1 um tempo de renova\u00e7\u00e3o na \u00e1rea amorosa e econ\u00f4mica. Para completar, temos atualmente os planetas Saturno e Plut\u00e3o em Capric\u00f3rnio, signo de terra, assim como Touro. Os \u00faltimos 7 anos, quando Urano esteve no signo de [&hellip;]<\/p>\n","protected":false},"author":6,"featured_media":14367,"comment_status":"open","ping_status":"open","sticky":false,"template":"","format":"standard","meta":{"footnotes":""},"categories":[28],"tags":[2045,2046],"_links":{"self":[{"href":"https:\/\/fengshuilogico.com\/blog\/wp-json\/wp\/v2\/posts\/14361"}],"collection":[{"href":"https:\/\/fengshuilogico.com\/blog\/wp-json\/wp\/v2\/posts"}],"about":[{"href":"https:\/\/fengshuilogico.com\/blog\/wp-json\/wp\/v2\/types\/post"}],"author":[{"embeddable":true,"href":"https:\/\/fengshuilogico.com\/blog\/wp-json\/wp\/v2\/users\/6"}],"replies":[{"embeddable":true,"href":"https:\/\/fengshuilogico.com\/blog\/wp-json\/wp\/v2\/comments?post=14361"}],"version-history":[{"count":0,"href":"https:\/\/fengshuilogico.com\/blog\/wp-json\/wp\/v2\/posts\/14361\/revisions"}],"wp:featuredmedia":[{"embeddable":true,"href":"https:\/\/fengshuilogico.com\/blog\/wp-json\/wp\/v2\/media\/14367"}],"wp:attachment":[{"href":"https:\/\/fengshuilogico.com\/blog\/wp-json\/wp\/v2\/media?parent=14361"}],"wp:term":[{"taxonomy":"category","embeddable":true,"href":"https:\/\/fengshuilogico.com\/blog\/wp-json\/wp\/v2\/categories?post=14361"},{"taxonomy":"post_tag","embeddable":true,"href":"https:\/\/fengshuilogico.com\/blog\/wp-json\/wp\/v2\/tags?post=14361"}],"curies":[{"name":"wp","href":"https:\/\/api.w.org\/{rel}","templated":true}]}}