{"id":14170,"date":"2018-04-22T15:46:01","date_gmt":"2018-04-22T18:46:01","guid":{"rendered":"https:\/\/fengshuilogico.com\/blog\/?p=14170"},"modified":"2024-09-27T08:32:13","modified_gmt":"2024-09-27T11:32:13","slug":"como-conhecer-a-verdade-o-que-e-verdade-absoluta-e-verdade-relativa","status":"publish","type":"post","link":"https:\/\/fengshuilogico.com\/blog\/2018\/04\/22\/como-conhecer-a-verdade-o-que-e-verdade-absoluta-e-verdade-relativa\/","title":{"rendered":"Como conhecer a verdade? O que \u00e9 verdade absoluta e verdade relativa?"},"content":{"rendered":"\r\n<p>S\u00f3 h\u00e1 um meio de conhecer a Verdade: praticando.<\/p>\r\n\r\n\r\n\r\n<p>Dizendo a verdade no dia a dia, buscando sempre dizer o que vai em nosso cora\u00e7\u00e3o temperado pela compreens\u00e3o de que cada ser humano \u00e9 \u00fanico.<\/p>\r\n\r\n\r\n\r\n<p>A pr\u00e1tica da verdade purifica nossa mente e nosso cora\u00e7\u00e3o. Integra nossa vontade. E nos tornamos Um com o Criador da Vida.<br \/>A base da liberdade humana \u00e9 respirar o ar puro da verdade.<\/p>\r\n\r\n<blockquote>\r\n<p>A verdade clareia<br \/>A miseric\u00f3rdia apazigua<\/p>\r\n<p>A mente mente.<br \/>E provoca ilus\u00f5es.<br \/>S\u00f3 o nosso cora\u00e7\u00e3o humanizado pela raz\u00e3o nos faz conhecer a Verdade.<\/p>\r\n<\/blockquote>\r\n<p><strong>Como se define a Verdade? Verdade \u00e9 aquilo que \u00e9, que existe de fato.<\/strong><\/p>\r\n<p>Existem dois tipos de verdade: a verdade absoluta e a verdade relativa.<\/p>\r\n<p>O que \u00e9 verdade absoluta?<br \/>O que \u00e9 verdade para uma pessoa \u00e9 verdade para todos.<br \/>Como exemplo, o Sol traz luz e calor para a Terra.<\/p>\r\n<p>E a verdade relativa?<br \/>Einstein ao enunciar a lei da Relatividade, demonstrou que a verdade pode ser relativa e que depende do ponto de vista do observador:<\/p>\r\n<p>Criou a Teoria da Relatividade dando aos homens uma nova concep\u00e7\u00e3o do Universo.<br \/>E demonstrou que as pessoas podem ter diferentes percep\u00e7\u00f5es da mesma coisa, porque tudo depende da refer\u00eancia.<\/p>\r\n<p>O ca\u00e7ador v\u00ea cair verticalmente o p\u00e1ssaro que derruba.<br \/>Um ciclista que passa na estrada v\u00ea o p\u00e1ssaro cair obliquamente.<br \/>Se uma pessoa estiver olhando na \u00e1gua de um rio o reflexo da cena, ver\u00e1 o p\u00e1ssaro subir.<\/p>\r\n<p>Imprimindo novos rumos aos princ\u00edpios de Newton, Cop\u00e9rnico e de Galileu, o grande s\u00e1bio provou que n\u00e3o h\u00e1 movimento absoluto, pois o Universo obedece a leis relativas que variam com a energia.<\/p>\r\n<p><em>Tudo est\u00e1 em continuo movimento no Universo.<\/em><\/p>\r\n<p>Tamb\u00e9m demonstrou a Relatividade na Ci\u00eancia: a Ci\u00eancia \u00e9 feita \u00e0 medida das circunst\u00e2ncias (grau de conhecimento de cada \u00e9poca) do homem e que suas leis s\u00e3o relativas \u00e0 intelig\u00eancia de quem as formulou. Portanto, pass\u00edveis de aperfei\u00e7oamento.<\/p>\r\n<p>Com essas defini\u00e7\u00f5es, Einstein nos fez mais s\u00e1bios:<\/p>\r\n<p>O Espa\u00e7o \u00e9 a dist\u00e2ncia entre as coisas.<br \/>O Tempo \u00e9 a dist\u00e2ncia entre os acontecimentos.<br \/>Com essas defini\u00e7\u00f5es, Einstein nos fez mais s\u00e1bios.<\/p>\r\n<p><strong>Ent\u00e3o,<br \/>Para Cristo, a que verdade Ele se referia?<\/strong><\/p>\r\n<blockquote>\r\n<p>Quando respondeu \u00e0 pergunta do jovem rico sobre o que deveria fazer para ganhar a vida eterna, Cristo respondeu:<br \/>&#8211; Conheceis o primeiro mandamento: Amar\u00e1s ao senhor teu Deus, com todas as tuas for\u00e7as, com todo teu entendimento e de todo o seu cora\u00e7\u00e3o.<br \/>&#8211; E o segundo semelhante a este: Amar\u00e1s ao teu pr\u00f3ximo como a ti mesmo.<\/p>\r\n<\/blockquote>\r\n<p>O primeiro mandamento subtende um norteamento de nossa vida em dire\u00e7\u00e3o a Deus, entendendo que Ele criou a Vida, tudo que existe, portanto \u00e9 justo que busquemos nossa harmonia fundamental com Ele. E o reverenciemos em nossos cora\u00e7\u00f5es <em>em esp\u00edrito e verdade.<\/em><br \/>O segundo mandamento pressup\u00f5e equil\u00edbrio, e unidade dos cora\u00e7\u00f5es na verdade fundamental de que Deus \u00e9 a fonte de todos os bens. E portanto somos todos iguais perante Ele.<\/p>\r\n<p>Portanto, as verdades relativas se referem \u00e0 nossa compreens\u00e3o, \u00e0 nossa maturidade emocional, e \u00e0 unicidade de cada ser em sua busca e em seu caminho em dire\u00e7\u00e3o \u00e0s dimens\u00f5es de paz e harmonia que existe no reino dos C\u00e9us, dentro e fora de n\u00f3s.<\/p>\r\n<p><strong>Voltando aos ensinamentos de Cristo, essa par\u00e1bola tamb\u00e9m se refere \u00e0 verdade que liberta:<\/strong><br \/><em>Um mercador que comercializava p\u00e9rolas de v\u00e1rios tipos e tamanhos, um dia encontra uma p\u00e9rola rara, maior de todas e de inestim\u00e1vel valor. E vende todas as outras que possu\u00eda para comprar essa.<\/em><\/p>\r\n<p>Portanto, a verdade que liberta \u00e9 capaz de troca todos os prazeres e belezas que conhecemos pelo prazer maior: possuir a pr\u00f3pria vida e entrar na vida eterna.<br \/>Pressup\u00f5e desapego baseado na verdade maior.<\/p>\r\n<p><em>De que adianta um homem ganhar o mundo inteiro se vier a perder a sua alma?<\/em><br \/>Ent\u00e3o, para conhecermos a verdade e ouvirmos a voz de Cristo \u00e9 preciso amarmos de fato, sem segundas inten\u00e7\u00f5es, sobre todas as coisas, Deus. E isto pressup\u00f5e dizer sempre a verdade que brota de nosso cora\u00e7\u00e3o humanizado pela raz\u00e3o.<\/p>\r\n<p>Essa \u00e9 a verdade que nos liberta.<\/p>\r\n<p><em>Texto baseado em leituras b\u00edblicas.<\/em><\/p>\r\n<p>&nbsp;<\/p>\r\n<p><div class=\"jeg_video_container jeg_video_content\"><iframe title=\"Amor se manifesta no equil\u00edbrio\" width=\"500\" height=\"281\" src=\"https:\/\/www.youtube.com\/embed\/7aidAbwO-oM?feature=oembed\" frameborder=\"0\" allow=\"accelerometer; autoplay; clipboard-write; encrypted-media; gyroscope; picture-in-picture; web-share\" referrerpolicy=\"strict-origin-when-cross-origin\" allowfullscreen><\/iframe><\/div><\/p>\r\n<p>INSCREVA-SE em nosso canal no YOUTUBE e receba v\u00eddeos atualizados com dicas e orienta\u00e7\u00f5es:<\/p>\r\n<p><strong> <a href=\"https:\/\/www.youtube.com\/watch?v=vpM0ZbpTA7s\" target=\"a_blank\" rel=\"noopener noreferrer\"> Inscreva-se Canal Youtube\/Feng Shui L\u00f3gico<\/a><\/strong><\/p>\r\n<blockquote>\r\n<p>As melhores energias v\u00eam do amor pela Vida, pelo nosso planeta, pelo nosso solo, pela nossa gente e por n\u00f3s mesmos. Tudo o mais \u00e9 consequ\u00eancia disso.<\/p>\r\n<\/blockquote>\r\n<p><strong> <a href=\"https:\/\/loja.fengshuilogico.com\/livro-feng-shui-logico-stela-vecchi.html\" target=\"a_blank\" rel=\"noopener noreferrer\"> Livro Feng Shui L\u00f3gico, Stela Vecchi, \u00cdcone Editora, 2004 &#8211; Compre aqui:<\/a><\/strong><\/p>\r\n<p><a href=\"https:\/\/fengshuilogico.com\/blog\/wp-content\/uploads\/2009\/05\/feng-shui-logico-stela-vecchi-icone-editora.png\"><img fetchpriority=\"high\" decoding=\"async\" class=\"aligncenter size-medium wp-image-7586\" src=\"https:\/\/fengshuilogico.com\/blog\/wp-content\/uploads\/2009\/05\/feng-shui-logico-stela-vecchi-icone-editora-205x300.png\" alt=\"feng-shui-logico-stela-vecchi-icone-editora\" width=\"205\" height=\"300\" srcset=\"https:\/\/fengshuilogico.com\/blog\/wp-content\/uploads\/2009\/05\/feng-shui-logico-stela-vecchi-icone-editora-205x300.png 205w, https:\/\/fengshuilogico.com\/blog\/wp-content\/uploads\/2009\/05\/feng-shui-logico-stela-vecchi-icone-editora.png 343w\" sizes=\"(max-width: 205px) 100vw, 205px\" \/><\/a><\/p>\r\n<p>&nbsp;<\/p>\r\n<p><strong> <a href=\"https:\/\/loja.fengshuilogico.com\/\" target=\"_blank\" rel=\"noopener noreferrer\"> Loja Feng Shui L\u00f3gico <\/a><\/strong><br \/><strong>Confira o Programa do Curso B\u00e1sico em nosso Website:<\/strong><br \/><strong><a href=\"https:\/\/loja.fengshuilogico.com\/curso-basico-feng-shui-logico-online-completo-com-video-chamada-p154\" target=\"_blank\" rel=\"noopener noreferrer\">Programa Curso B\u00e1sico de Feng Shui L\u00f3gico<\/a><\/strong><br \/>Participe dos cursos ministrados por Stela Vecchi:<br \/><strong>Feng Shui L\u00f3gico: Curso B\u00e1sico, Avan\u00e7ado e Profissionalizante<\/strong><br \/>Nos cursos de Feng Shui L\u00f3gico voc\u00ea recebe informa\u00e7\u00f5es que ser\u00e3o \u00fateis para toda sua vida!<\/p>\r\n<p><strong>Visite tamb\u00e9m o site: <a href=\"https:\/\/www.fengshuilogico.com\" target=\"_blank\" rel=\"noopener noreferrer\">www.fengshuilogico.com<\/a><\/strong><\/p>","protected":false},"excerpt":{"rendered":"<p>S\u00f3 h\u00e1 um meio de conhecer a Verdade: praticando. Dizendo a verdade no dia a dia, buscando sempre dizer o que vai em nosso cora\u00e7\u00e3o temperado pela compreens\u00e3o de que cada ser humano \u00e9 \u00fanico. A pr\u00e1tica da verdade purifica nossa mente e nosso cora\u00e7\u00e3o. Integra nossa vontade. E nos tornamos Um com o Criador [&hellip;]<\/p>\n","protected":false},"author":6,"featured_media":23411,"comment_status":"open","ping_status":"open","sticky":false,"template":"","format":"standard","meta":{"footnotes":""},"categories":[2350],"tags":[2026,2851],"_links":{"self":[{"href":"https:\/\/fengshuilogico.com\/blog\/wp-json\/wp\/v2\/posts\/14170"}],"collection":[{"href":"https:\/\/fengshuilogico.com\/blog\/wp-json\/wp\/v2\/posts"}],"about":[{"href":"https:\/\/fengshuilogico.com\/blog\/wp-json\/wp\/v2\/types\/post"}],"author":[{"embeddable":true,"href":"https:\/\/fengshuilogico.com\/blog\/wp-json\/wp\/v2\/users\/6"}],"replies":[{"embeddable":true,"href":"https:\/\/fengshuilogico.com\/blog\/wp-json\/wp\/v2\/comments?post=14170"}],"version-history":[{"count":1,"href":"https:\/\/fengshuilogico.com\/blog\/wp-json\/wp\/v2\/posts\/14170\/revisions"}],"predecessor-version":[{"id":27772,"href":"https:\/\/fengshuilogico.com\/blog\/wp-json\/wp\/v2\/posts\/14170\/revisions\/27772"}],"wp:featuredmedia":[{"embeddable":true,"href":"https:\/\/fengshuilogico.com\/blog\/wp-json\/wp\/v2\/media\/23411"}],"wp:attachment":[{"href":"https:\/\/fengshuilogico.com\/blog\/wp-json\/wp\/v2\/media?parent=14170"}],"wp:term":[{"taxonomy":"category","embeddable":true,"href":"https:\/\/fengshuilogico.com\/blog\/wp-json\/wp\/v2\/categories?post=14170"},{"taxonomy":"post_tag","embeddable":true,"href":"https:\/\/fengshuilogico.com\/blog\/wp-json\/wp\/v2\/tags?post=14170"}],"curies":[{"name":"wp","href":"https:\/\/api.w.org\/{rel}","templated":true}]}}