{"id":14149,"date":"2018-04-17T14:55:32","date_gmt":"2018-04-17T17:55:32","guid":{"rendered":"https:\/\/fengshuilogico.com\/blog\/?p=14149"},"modified":"2022-03-13T23:54:34","modified_gmt":"2022-03-14T02:54:34","slug":"oracao-kuan-yin-mae-da-compaixao","status":"publish","type":"post","link":"https:\/\/fengshuilogico.com\/blog\/2018\/04\/17\/oracao-kuan-yin-mae-da-compaixao\/","title":{"rendered":"Ora\u00e7\u00e3o \u00e0 Kuan Yin, m\u00e3e da Compaix\u00e3o"},"content":{"rendered":"<figure id=\"attachment_14150\" aria-describedby=\"caption-attachment-14150\" style=\"width: 300px\" class=\"wp-caption aligncenter\"><img fetchpriority=\"high\" decoding=\"async\" class=\"size-medium wp-image-14150\" src=\"https:\/\/fengshuilogico.com\/blog\/wp-content\/uploads\/2018\/04\/M\u00e3e-Kuan-Yin_n-300x300.jpg\" alt=\"\" width=\"300\" height=\"300\" srcset=\"https:\/\/fengshuilogico.com\/blog\/wp-content\/uploads\/2018\/04\/M\u00e3e-Kuan-Yin_n-300x300.jpg 300w, https:\/\/fengshuilogico.com\/blog\/wp-content\/uploads\/2018\/04\/M\u00e3e-Kuan-Yin_n-150x150.jpg 150w, https:\/\/fengshuilogico.com\/blog\/wp-content\/uploads\/2018\/04\/M\u00e3e-Kuan-Yin_n.jpg 400w\" sizes=\"(max-width: 300px) 100vw, 300px\" \/><figcaption id=\"caption-attachment-14150\" class=\"wp-caption-text\">M\u00e3e Kuan-Yin<\/figcaption><\/figure>\n<p>&#8220;Senhora da L\u00f3tus Sagrado, luz da compaix\u00e3o que ouve os prantos do mundo.<br \/>\nTraz tua luz e amor para esta terra, para mim e para todos, em todos os planos habitados.<br \/>\nFazei desabrochar a flor da cria\u00e7\u00e3o perfeita e guiai-me, fazendo com que eu seja sempre emiss\u00e1rio da luz. Prote\u00e7\u00e3o,sa\u00fade, carinho e prosperidade, sob teu raio p\u00farpura eu sempre terei.\u201d<\/p>\n<p>Bem Amada Kwan Yin<br \/>\nInvoco Tua soberana Luz<br \/>\nDivina J\u00f3ia do L\u00f3tus Sagrado<br \/>\nHabitai meu Cora\u00e7\u00e3o. Divina Deusa do Amor<br \/>\nResplandece Tua Divina luz em meu caminho<br \/>\nIlumina meus passos Bem Amada M\u00e3e de Miseric\u00f3rdia.<\/p>\n<p>Sagrada Mensageira da Compaix\u00e3o Divina<br \/>\nDespertai Tua Divina Luz em meu cora\u00e7\u00e3o<br \/>\nTransforma meu mundo com Tua Divina Ben\u00e7\u00e3o<br \/>\nCompadece-te de mim Divina M\u00e3e.<\/p>\n<p>Divina J\u00f3ia do L\u00f3tus Fazei de mim instrumento de Tua Compaix\u00e3o<br \/>\nQue vossa Divina Miseric\u00f3rdia<br \/>\nResplande\u00e7a em meu cora\u00e7\u00e3o hoje e sempre.<br \/>\nDivina M\u00e3e Kwan Yin Eu reverencio Tua Divina Compaix\u00e3o<\/p>\n<p>Que flui em meu cora\u00e7\u00e3o na forma Da Divina e Eterna Can\u00e7\u00e3o:<br \/>\n\u201cOM MANI PADME HUM\u201d<br \/>\n\u201cOM MANI PADME HUM\u201d<br \/>\n\u201cOM MANI PADME HUM\u201d<br \/>\nOM, OM, OM<\/p>\n<p>No Ocidente, \u00e9 a Nossa Senhora das Gra\u00e7as, M\u00e3e de Miseric\u00f3rdia e Amor Divino:<\/p>\n<figure id=\"attachment_14153\" aria-describedby=\"caption-attachment-14153\" style=\"width: 234px\" class=\"wp-caption aligncenter\"><img decoding=\"async\" class=\"size-medium wp-image-14153\" src=\"https:\/\/fengshuilogico.com\/blog\/wp-content\/uploads\/2018\/04\/Nossa-Senhora-das-Gra\u00e7as-595x764-234x300.jpg\" alt=\"\" width=\"234\" height=\"300\" srcset=\"https:\/\/fengshuilogico.com\/blog\/wp-content\/uploads\/2018\/04\/Nossa-Senhora-das-Gra\u00e7as-595x764-234x300.jpg 234w, https:\/\/fengshuilogico.com\/blog\/wp-content\/uploads\/2018\/04\/Nossa-Senhora-das-Gra\u00e7as-595x764.jpg 595w\" sizes=\"(max-width: 234px) 100vw, 234px\" \/><figcaption id=\"caption-attachment-14153\" class=\"wp-caption-text\">Nossa Senhora das Gra\u00e7as<\/figcaption><\/figure>\n<div class=\"jeg_video_container jeg_video_content\"><iframe title=\"Quem \u00e9 crist\u00e3o pode praticar Feng Shui?\" width=\"500\" height=\"281\" src=\"https:\/\/www.youtube.com\/embed\/7aidAbwO-oM?feature=oembed\" frameborder=\"0\" allow=\"accelerometer; autoplay; clipboard-write; encrypted-media; gyroscope; picture-in-picture; web-share\" allowfullscreen><\/iframe><\/div>\n<p>INSCREVA-SE em nosso canal no YOUTUBE e receba v\u00eddeos atualizados com dicas e orienta\u00e7\u00f5es:<\/p>\n<p><strong> <a href=\"https:\/\/www.youtube.com\/watch?v=vpM0ZbpTA7s\" target=\"a_blank\" rel=\"noopener noreferrer\"> Inscreva-se Canal Youtube\/Feng Shui L\u00f3gico<\/a><\/strong><\/p>\n<blockquote><p>As melhores energias v\u00eam do amor pela Vida, pelo nosso planeta, pelo nosso solo, pela nossa gente e por n\u00f3s mesmos. Tudo o mais \u00e9 consequ\u00eancia disso.<\/p><\/blockquote>\n<p><strong> <a href=\"https:\/\/loja.fengshuilogico.com\/livro-feng-shui-logico-stela-vecchi.html\" target=\"a_blank\" rel=\"noopener noreferrer\"> Livro Feng Shui L\u00f3gico, Stela Vecchi, \u00cdcone Editora, 2004 &#8211; Compre aqui:<\/a><\/strong><\/p>\n<p><a href=\"https:\/\/fengshuilogico.com\/blog\/wp-content\/uploads\/2009\/05\/feng-shui-logico-stela-vecchi-icone-editora.png\"><img decoding=\"async\" class=\"aligncenter size-medium wp-image-7586\" src=\"https:\/\/fengshuilogico.com\/blog\/wp-content\/uploads\/2009\/05\/feng-shui-logico-stela-vecchi-icone-editora-205x300.png\" alt=\"feng-shui-logico-stela-vecchi-icone-editora\" width=\"205\" height=\"300\" srcset=\"https:\/\/fengshuilogico.com\/blog\/wp-content\/uploads\/2009\/05\/feng-shui-logico-stela-vecchi-icone-editora-205x300.png 205w, https:\/\/fengshuilogico.com\/blog\/wp-content\/uploads\/2009\/05\/feng-shui-logico-stela-vecchi-icone-editora.png 343w\" sizes=\"(max-width: 205px) 100vw, 205px\" \/><\/a><\/p>\n<p><strong> <a href=\"https:\/\/fengshuilogico.com\/blog\/2012\/10\/02\/como-nasceu-o-feng-shui-logico-e-a-adaptacao-do-ba-gua-para-o-hemisferio-sul\/\" target=\"a_blank\" rel=\"noopener noreferrer\"> A hist\u00f3ria do Feng Shui L\u00f3gico: como nasceu a adapta\u00e7\u00e3o do Ba-gu\u00e1 para o Hemisf\u00e9rio Sul?<\/a><\/strong><\/p>\n<blockquote><p>Loja Feng Shui L\u00f3gico &#8211; M\u00e9todo Solar das Quatro Esta\u00e7\u00f5es MSQE:<br \/>\nBolas de cristal facetado com o cord\u00e3o vermelho; ba-gu\u00e1s (exclusivo) para o Hemisf\u00e9rio Sul; livros e apostilas de Feng Shui L\u00f3gico e mais:<\/p><\/blockquote>\n<p><strong> <a href=\"https:\/\/loja.fengshuilogico.com\/\" target=\"_blank\" rel=\"noopener noreferrer\"> Loja Feng Shui L\u00f3gico <\/a><\/strong><br \/>\n<strong>Confira o Programa do Curso B\u00e1sico em nosso Website:<\/strong><br \/>\n<strong><a href=\"https:\/\/loja.fengshuilogico.com\/curso-basico-feng-shui-logico-online-completo-com-video-chamada-p154\" target=\"_blank\" rel=\"noopener noreferrer\">Programa Curso B\u00e1sico de Feng Shui L\u00f3gico<\/a><\/strong><br \/>\nParticipe dos cursos ministrados por Stela Vecchi:<br \/>\n<strong>Feng Shui L\u00f3gico: Curso B\u00e1sico, Avan\u00e7ado e Profissionalizante<\/strong><br \/>\nNos cursos de Feng Shui L\u00f3gico voc\u00ea recebe informa\u00e7\u00f5es que ser\u00e3o \u00fateis para toda sua vida!<\/p>\n<p><strong>Visite tamb\u00e9m o site: <a href=\"https:\/\/www.fengshuilogico.com\" target=\"_blank\" rel=\"noopener noreferrer\">www.fengshuilogico.com<\/a><\/strong><\/p>\n","protected":false},"excerpt":{"rendered":"<p>&#8220;Senhora da L\u00f3tus Sagrado, luz da compaix\u00e3o que ouve os prantos do mundo. Traz tua luz e amor para esta terra, para mim e para todos, em todos os planos habitados. Fazei desabrochar a flor da cria\u00e7\u00e3o perfeita e guiai-me, fazendo com que eu seja sempre emiss\u00e1rio da luz. Prote\u00e7\u00e3o,sa\u00fade, carinho e prosperidade, sob teu [&hellip;]<\/p>\n","protected":false},"author":6,"featured_media":17874,"comment_status":"open","ping_status":"open","sticky":false,"template":"","format":"standard","meta":{"footnotes":""},"categories":[2435],"tags":[2022,2024,2023],"_links":{"self":[{"href":"https:\/\/fengshuilogico.com\/blog\/wp-json\/wp\/v2\/posts\/14149"}],"collection":[{"href":"https:\/\/fengshuilogico.com\/blog\/wp-json\/wp\/v2\/posts"}],"about":[{"href":"https:\/\/fengshuilogico.com\/blog\/wp-json\/wp\/v2\/types\/post"}],"author":[{"embeddable":true,"href":"https:\/\/fengshuilogico.com\/blog\/wp-json\/wp\/v2\/users\/6"}],"replies":[{"embeddable":true,"href":"https:\/\/fengshuilogico.com\/blog\/wp-json\/wp\/v2\/comments?post=14149"}],"version-history":[{"count":0,"href":"https:\/\/fengshuilogico.com\/blog\/wp-json\/wp\/v2\/posts\/14149\/revisions"}],"wp:featuredmedia":[{"embeddable":true,"href":"https:\/\/fengshuilogico.com\/blog\/wp-json\/wp\/v2\/media\/17874"}],"wp:attachment":[{"href":"https:\/\/fengshuilogico.com\/blog\/wp-json\/wp\/v2\/media?parent=14149"}],"wp:term":[{"taxonomy":"category","embeddable":true,"href":"https:\/\/fengshuilogico.com\/blog\/wp-json\/wp\/v2\/categories?post=14149"},{"taxonomy":"post_tag","embeddable":true,"href":"https:\/\/fengshuilogico.com\/blog\/wp-json\/wp\/v2\/tags?post=14149"}],"curies":[{"name":"wp","href":"https:\/\/api.w.org\/{rel}","templated":true}]}}