{"id":13640,"date":"2017-12-21T11:36:18","date_gmt":"2017-12-21T14:36:18","guid":{"rendered":"https:\/\/fengshuilogico.com\/blog\/?p=13640"},"modified":"2023-04-21T16:34:20","modified_gmt":"2023-04-21T19:34:20","slug":"luz-e-escuridao","status":"publish","type":"post","link":"https:\/\/fengshuilogico.com\/blog\/2017\/12\/21\/luz-e-escuridao\/","title":{"rendered":"Luz e escurid\u00e3o: duas faces da mesma moeda?"},"content":{"rendered":"<figure id=\"attachment_13364\" aria-describedby=\"caption-attachment-13364\" style=\"width: 233px\" class=\"wp-caption aligncenter\"><img fetchpriority=\"high\" decoding=\"async\" class=\"size-full wp-image-13364\" src=\"https:\/\/fengshuilogico.com\/blog\/wp-content\/uploads\/2017\/10\/Tao.jpg\" alt=\"\" width=\"233\" height=\"216\" srcset=\"https:\/\/fengshuilogico.com\/blog\/wp-content\/uploads\/2017\/10\/Tao.jpg 233w, https:\/\/fengshuilogico.com\/blog\/wp-content\/uploads\/2017\/10\/Tao-140x130.jpg 140w, https:\/\/fengshuilogico.com\/blog\/wp-content\/uploads\/2017\/10\/Tao-60x57.jpg 60w\" sizes=\"(max-width: 233px) 100vw, 233px\" \/><figcaption id=\"caption-attachment-13364\" class=\"wp-caption-text\">YIN \/ YANG<br \/>Sol \/ Lua<br \/>Dia \/ Noite<br \/>Luz \/ Trevas<\/figcaption><\/figure>\n<p>Por\u00e9m, se n\u00e3o houvesse a escurid\u00e3o, como reconhecer a luz?<\/p>\n<p>Ah&#8230; a maravilhosa pedagogia divina&#8230;<br \/>\nS\u00f3 mesmo seres evolu\u00eddos na presen\u00e7a da luz e da escurid\u00e3o podem desenvolver o perfeito discernimento e fazer escolhas que aumentem a intensidade de luz que possuem e que ela possa brilhar cada vez mais. E reconhecer tamb\u00e9m a luz que existe em cada um e deliciar-se com a beleza da cria\u00e7\u00e3o em uni\u00e3o de amor.<\/p>\n<p>A luz \u00e9 a pr\u00f3pria vida e est\u00e1 dentro de cada um de n\u00f3s, de forma latente.<\/p>\n<p>Manifestar a sua luz depende muito do quanto voc\u00ea usa o discernimento para buscar essa manifesta\u00e7\u00e3o: porque estar consciente de sua luz \u00e9 estar consciente de sua uni\u00e3o com o Todo que se move ao seu redor e alimenta sua vida: e o Sol para n\u00f3s viventes no Planeta Terra, \u00e9 o doador maior de Luz.<\/p>\n<p>Harmonizar-se com a luz solar e suas nuances durante o movimento de rota\u00e7\u00e3o que Terra realiza em torno do Sol \u00e9 receber de forma consciente e grata todo seu poder de colaborador da Vida. Silencioso e em seu ritmo, o Sol nos doa a Luz e com seu brilho faz a Lua iluminar nossa escurid\u00e3o.<\/p>\n<p>Luz se v\u00ea, mas n\u00e3o se toca. Pertence ao mundo vis\u00edvel e invis\u00edvel, ao mesmo tempo.<br \/>\nPart\u00edculas de luz est\u00e3o na atmosfera, portanto, respirar com consci\u00eancia e em plenitude, nos faz absorver a luz de forma consciente.<\/p>\n<p>https:\/\/www.youtube.com\/watch?v=hXZpwlSFep8<\/p>\n<p>https:\/\/www.youtube.com\/watch?v=vpM0ZbpTA7s<\/p>\n<p>INSCREVA-SE em nosso canal no YOUTUBE e receba v\u00eddeos atualizados com dicas e orienta\u00e7\u00f5es:<\/p>\n<p><strong> <a href=\"https:\/\/www.youtube.com\/watch?v=vpM0ZbpTA7s\" target=\"a_blank\" rel=\"noopener\"> Inscreva-se Canal Youtube\/Feng Shui L\u00f3gico<\/a><\/strong><\/p>\n<blockquote><p>As melhores energias v\u00eam do amor pela Vida, pelo nosso planeta, pelo nosso solo, pela nossa gente e por n\u00f3s mesmos. Tudo o mais \u00e9 consequ\u00eancia disso.<\/p><\/blockquote>\n<p><strong> <a href=\"https:\/\/loja.fengshuilogico.com\/livro-feng-shui-logico-stela-vecchi.html\" target=\"a_blank\" rel=\"noopener\"> Livro Feng Shui L\u00f3gico, Stela Vecchi, \u00cdcone Editora, 2004 &#8211; Compre aqui:<\/a><\/strong><\/p>\n<p><a href=\"https:\/\/fengshuilogico.com\/blog\/wp-content\/uploads\/2009\/05\/feng-shui-logico-stela-vecchi-icone-editora.png\"><img decoding=\"async\" class=\"aligncenter size-medium wp-image-7586\" src=\"https:\/\/fengshuilogico.com\/blog\/wp-content\/uploads\/2009\/05\/feng-shui-logico-stela-vecchi-icone-editora-205x300.png\" alt=\"feng-shui-logico-stela-vecchi-icone-editora\" width=\"205\" height=\"300\" srcset=\"https:\/\/fengshuilogico.com\/blog\/wp-content\/uploads\/2009\/05\/feng-shui-logico-stela-vecchi-icone-editora-205x300.png 205w, https:\/\/fengshuilogico.com\/blog\/wp-content\/uploads\/2009\/05\/feng-shui-logico-stela-vecchi-icone-editora.png 343w\" sizes=\"(max-width: 205px) 100vw, 205px\" \/><\/a><\/p>\n<p><strong> <a href=\"https:\/\/fengshuilogico.com\/blog\/2012\/10\/02\/como-nasceu-o-feng-shui-logico-e-a-adaptacao-do-ba-gua-para-o-hemisferio-sul\/\" target=\"a_blank\" rel=\"noopener\"> A hist\u00f3ria do Feng Shui L\u00f3gico: como nasceu a adapta\u00e7\u00e3o do Ba-gu\u00e1 para o Hemisf\u00e9rio Sul?<\/a><\/strong><\/p>\n<blockquote><p>Loja Feng Shui L\u00f3gico &#8211; M\u00e9todo Solar das Quatro Esta\u00e7\u00f5es MSQE:<br \/>\nBolas de cristal facetado com o cord\u00e3o vermelho; ba-gu\u00e1s (exclusivo) para o Hemisf\u00e9rio Sul; livros e apostilas de Feng Shui L\u00f3gico e mais:<\/p><\/blockquote>\n<p><strong> <a href=\"https:\/\/loja.fengshuilogico.com\/\" target=\"_blank\" rel=\"noopener\"> Loja Feng Shui L\u00f3gico <\/a><\/strong><br \/>\n<strong>Confira o Programa do Curso B\u00e1sico em nosso Website:<\/strong><br \/>\n<strong><a href=\"https:\/\/loja.fengshuilogico.com\/curso-basico-feng-shui-logico-online-completo-com-video-chamada-p154\" target=\"_blank\" rel=\"noopener\">Programa Curso B\u00e1sico de Feng Shui L\u00f3gico<\/a><\/strong><br \/>\nParticipe dos cursos ministrados por Stela Vecchi:<br \/>\n<strong>Feng Shui L\u00f3gico: Curso B\u00e1sico, Avan\u00e7ado e Profissionalizante<\/strong><br \/>\nNos cursos de Feng Shui L\u00f3gico voc\u00ea recebe informa\u00e7\u00f5es que ser\u00e3o \u00fateis para toda sua vida!<\/p>\n<p><strong>Visite tamb\u00e9m o site: <a href=\"https:\/\/www.fengshuilogico.com\" target=\"_blank\" rel=\"noopener\">www.fengshuilogico.com<\/a><\/strong><\/p>\n","protected":false},"excerpt":{"rendered":"<p>Por\u00e9m, se n\u00e3o houvesse a escurid\u00e3o, como reconhecer a luz? Ah&#8230; a maravilhosa pedagogia divina&#8230; S\u00f3 mesmo seres evolu\u00eddos na presen\u00e7a da luz e da escurid\u00e3o podem desenvolver o perfeito discernimento e fazer escolhas que aumentem a intensidade de luz que possuem e que ela possa brilhar cada vez mais. E reconhecer tamb\u00e9m a luz [&hellip;]<\/p>\n","protected":false},"author":6,"featured_media":17865,"comment_status":"open","ping_status":"open","sticky":false,"template":"","format":"standard","meta":{"footnotes":""},"categories":[31,2350],"tags":[2552,2551,2550],"_links":{"self":[{"href":"https:\/\/fengshuilogico.com\/blog\/wp-json\/wp\/v2\/posts\/13640"}],"collection":[{"href":"https:\/\/fengshuilogico.com\/blog\/wp-json\/wp\/v2\/posts"}],"about":[{"href":"https:\/\/fengshuilogico.com\/blog\/wp-json\/wp\/v2\/types\/post"}],"author":[{"embeddable":true,"href":"https:\/\/fengshuilogico.com\/blog\/wp-json\/wp\/v2\/users\/6"}],"replies":[{"embeddable":true,"href":"https:\/\/fengshuilogico.com\/blog\/wp-json\/wp\/v2\/comments?post=13640"}],"version-history":[{"count":0,"href":"https:\/\/fengshuilogico.com\/blog\/wp-json\/wp\/v2\/posts\/13640\/revisions"}],"wp:featuredmedia":[{"embeddable":true,"href":"https:\/\/fengshuilogico.com\/blog\/wp-json\/wp\/v2\/media\/17865"}],"wp:attachment":[{"href":"https:\/\/fengshuilogico.com\/blog\/wp-json\/wp\/v2\/media?parent=13640"}],"wp:term":[{"taxonomy":"category","embeddable":true,"href":"https:\/\/fengshuilogico.com\/blog\/wp-json\/wp\/v2\/categories?post=13640"},{"taxonomy":"post_tag","embeddable":true,"href":"https:\/\/fengshuilogico.com\/blog\/wp-json\/wp\/v2\/tags?post=13640"}],"curies":[{"name":"wp","href":"https:\/\/api.w.org\/{rel}","templated":true}]}}