{"id":13603,"date":"2017-12-14T18:38:15","date_gmt":"2017-12-14T21:38:15","guid":{"rendered":"https:\/\/fengshuilogico.com\/blog\/?p=13603"},"modified":"2023-11-19T12:16:35","modified_gmt":"2023-11-19T15:16:35","slug":"as-emocoes-negativas-prejudicam-sua-saude-o-feng-shui-pode-ajudar-veja-como","status":"publish","type":"post","link":"https:\/\/fengshuilogico.com\/blog\/2017\/12\/14\/as-emocoes-negativas-prejudicam-sua-saude-o-feng-shui-pode-ajudar-veja-como\/","title":{"rendered":"Quais coisas em sua casa que podem ancorar emo\u00e7\u00f5es negativas?"},"content":{"rendered":"<div class=\"jeg_video_container jeg_video_content\"><iframe title=\"Como reconhecer os objetos que est\u00e3o trazendo m\u00e1s energias para sua casa?\" width=\"500\" height=\"281\" src=\"https:\/\/www.youtube.com\/embed\/o60KscVtVz4?feature=oembed\" frameborder=\"0\" allow=\"accelerometer; autoplay; clipboard-write; encrypted-media; gyroscope; picture-in-picture; web-share\" allowfullscreen><\/iframe><\/div>\n<p>As emo\u00e7\u00f5es negativas impedem que nossa vida atinja sensa\u00e7\u00f5es maiores de bem estar.<br \/>\nEssas emo\u00e7\u00f5es podem gerar doen\u00e7as como a depress\u00e3o.<br \/>\nVeja a import\u00e2ncia desse fato para nossa sa\u00fade e bem estar:<br \/>\nNosso corpo possui 70% de \u00e1gua. As \u00e1guas regem nossas emo\u00e7\u00f5es.<\/p>\n<figure id=\"attachment_11249\" aria-describedby=\"caption-attachment-11249\" style=\"width: 225px\" class=\"wp-caption aligncenter\"><a href=\"https:\/\/fengshuilogico.com\/blog\/2009\/11\/12\/cura-para-emocoes-negativas\/mandor\/\" rel=\"attachment wp-att-11249\"><img fetchpriority=\"high\" decoding=\"async\" class=\"size-medium wp-image-11249\" src=\"https:\/\/fengshuilogico.com\/blog\/wp-content\/uploads\/2009\/11\/Mandor-225x300.jpg\" alt=\"\u00c1guas simbolizam as emo\u00e7\u00f5es dentro de n\u00f3s Mandor Machupicchu \" width=\"225\" height=\"300\" srcset=\"https:\/\/fengshuilogico.com\/blog\/wp-content\/uploads\/2009\/11\/Mandor-225x300.jpg 225w, https:\/\/fengshuilogico.com\/blog\/wp-content\/uploads\/2009\/11\/Mandor-768x1024.jpg 768w, https:\/\/fengshuilogico.com\/blog\/wp-content\/uploads\/2009\/11\/Mandor.jpg 1944w\" sizes=\"(max-width: 225px) 100vw, 225px\" \/><\/a><figcaption id=\"caption-attachment-11249\" class=\"wp-caption-text\">\u00c1guas simbolizam as emo\u00e7\u00f5es dentro de n\u00f3s<br \/>Mandor<br \/>Machupicchu<\/figcaption><\/figure>\n<p>Nossas emo\u00e7\u00f5es precisam ser compreendidas, aceitas e s\u00f3 ent\u00e3o podem nos abrir a porta dos sentimentos ben\u00e9ficos que brotam de um cora\u00e7\u00e3o leve e puro. Conhe\u00e7a um ritual que voc\u00ea faz sozinha(o) e que pode abrir a porta para novas percep\u00e7\u00f5es.<\/p>\n<p>Nossos problemas emocionais revelam uma dificuldade em lidar com nossa pr\u00f3pria personalidade. Eles podem ter v\u00e1rias causas, mas a causa b\u00e1sica pode ser nossa baixa auto-estima, gerada muitas vezes em nossa inf\u00e2ncia.<\/p>\n<p>Na astrologia c\u00e1rmica temos v\u00e1rias pistas para os dramas que vivemos em nossas vidas.<br \/>\nTodos buscamos o amor em nossas vidas, por\u00e9m precisamos muitas vezes de v\u00e1rias informa\u00e7\u00f5es para n\u00e3o repetir padr\u00f5es que n\u00e3o nos levam para a felicidade que buscamos.<\/p>\n<div class=\"jeg_video_container jeg_video_content\"><iframe title=\"Cura de emo\u00e7\u00f5es: este ritual nos ajuda a resolver as quest\u00f5es amorosas de nosso momento presente.\" width=\"500\" height=\"281\" src=\"https:\/\/www.youtube.com\/embed\/yUVYhn0fYC8?feature=oembed\" frameborder=\"0\" allow=\"accelerometer; autoplay; clipboard-write; encrypted-media; gyroscope; picture-in-picture; web-share\" allowfullscreen><\/iframe><\/div>\n<p>Assim, em nossa inf\u00e2ncia podemos ter vivido situa\u00e7\u00f5es que n\u00e3o foram bem resolvidas deixando marcas que atrapalhar\u00e3o nossos relacionamentos futuros quando n\u00e3o as \u201climpamos\u201d.<\/p>\n<p>Este ritual simples \u00e9 muito eficaz para a cura de nossas emo\u00e7\u00f5es quando feito com calma e concentra\u00e7\u00e3o:<br \/>\nS\u00f3 em seu quarto, coloque uma vasilha de vidro ou cristal com 2\/3 de \u00e1gua pura perto de voc\u00ea e escreva cuidadosamente todas as lembran\u00e7as dolorosas em rela\u00e7\u00e3o a pessoas do sexo masculino, desde pai, parentes mais chegados, irm\u00e3os, professores, colegas de classe, amigos.Use uma folha para escrever sobre cada pessoa.<br \/>\nN\u00e3o \u00e9 necess\u00e1rio fazer esfor\u00e7o: naturalmente escreva sobre as lembran\u00e7as que vierem \u00e0 sua mente.<br \/>\nEm seguida, fa\u00e7a uma pequena fogueira em um recipiente de ferro ( pode ser um pequeno caldeir\u00e3o) e ap\u00f3s ler o que escreveu, queime cada folha dizendo tr\u00eas vezes a frase:<\/p>\n<blockquote><p><strong>Eu te perdoo por voc\u00ea n\u00e3o ter sido a pessoa que eu queria que voc\u00ea fosse.<br \/>\nEu te perdoo e te liberto.<br \/>\n<\/strong><\/p><\/blockquote>\n<p>Finalize queimando cascas de laranja secas ao Sol no caldeir\u00e3o.<\/p>\n<p>Fa\u00e7a a mesma coisa em rela\u00e7\u00e3o \u00e0s figuras femininas importantes de sua vida: m\u00e3e, av\u00f3, irm\u00e3s, professoras, colegas de classe, amigas.<br \/>\nRepita o ritual para cada uma e a diga a frase:<\/p>\n<blockquote><p><strong>Eu te perdoo por n\u00e3o ser a pessoa que eu queria que voc\u00ea fosse.<br \/>\nEu te perdoo e te liberto.<br \/>\n<\/strong><\/p><\/blockquote>\n<p>Por \u00faltimo, perdoe a si mesma (o), lendo pausadamente durante 27 dias antes de dormir esta ora\u00e7\u00e3o para a conquista da harmonia emocional:<\/p>\n<p><em>Buscando eliminar todos os meus bloqueios internos que atrapalham a minha Evolu\u00e7\u00e3o e que me causam desarmonias, me ligo ao meu Ser de Luz pedindo a Ele que me ajude no trabalho de Perdoar:<\/em><\/p>\n<p><em><strong>Ora\u00e7\u00e3o da Reconcilia\u00e7\u00e3o com o Todo Maior<\/strong> &#8211;<\/em><\/p>\n<p>Eu me perdoo de tudo que fiz at\u00e9 hoje que n\u00e3o \u00e9 condizente com as leis do Amor.<br \/>\nEu perdoo a todas as pessoas que de alguma forma me ofenderam, me injuriaram, me prejudicaram ou me causaram dificuldades desnecess\u00e1rias.<\/p>\n<p>Eu perdoo sinceramente a quem me rejeitou, me odiou, me abandonou, me traiu, me ridicularizou, me humilhou, me amedrontou ou me iludiu.<\/p>\n<p>Perdoo especialmente quem me provocou, at\u00e9 que eu perdesse a paci\u00eancia e reagisse violentamente, para depois me fazer sentir vergonha, remorso e culpa.<br \/>\nPe\u00e7o perd\u00e3o a todas as pessoas que de alguma forma consciente ou inconsciente eu ofendi, prejudiquei ou machuquei.<\/p>\n<p>Eu me aceito exatamente como eu sou, com minhas qualidades e dificuldades, tendo neste momento Consci\u00eancia de que Sou um Ser Divino em fase de Aprendizado e Evolu\u00e7\u00e3o.<\/p>\n<p>Pe\u00e7o que atrav\u00e9s destes ensinamentos, Eu consiga dar mais um passo em dire\u00e7\u00e3o aos Seres de Luz e Amor, recebendo Paz e Equil\u00edbrio.<\/p>\n<p><strong>Fa\u00e7a tr\u00eas respira\u00e7\u00f5es profundas e diga pausadamente em voz alta, ou mentalmente, se preferir:<\/strong><\/p>\n<p>Eu amo, respeito e honro a minha pessoa.<\/p>\n<p>O Amor sempre me rodeia.<\/p>\n<p>A Luz Divina me envolve e me alimenta e me ajuda a fazer as melhores escolhas para minha vida colocando os meus passos no Caminho Suave da Evolu\u00e7\u00e3o Consciente.<\/p>\n<p><em>A confian\u00e7a no Amor Divino espanta o medo de me amar e ao meu pr\u00f3ximo.<\/em><\/p>\n<p>S\u00f3 o perd\u00e3o nos liberta de nossos carmas. Livres, come\u00e7amos uma nova vida, onde amar \u00e9, de fato, um bem.<\/p>\n<p>Esses procedimentos preparam nosso esp\u00edrito para resolvermos as quest\u00f5es amorosas de nosso momento presente.<\/p>\n<p>DICA: A aventurina \u00e9 uma pedra que nos ajuda muito a conquistar o equil\u00edbrio emocional. Use-a como colar, na altura do cora\u00e7\u00e3o. Quanto mais escura, mais poder de harmonizar nosso campo emocional ela tem.<br \/>\nLimpe das energias toda vez que usar: coloque sobre um vaso com terra ou sobre uma pedra selenita por 3 horas.<\/p>\n<figure id=\"attachment_11887\" aria-describedby=\"caption-attachment-11887\" style=\"width: 227px\" class=\"wp-caption aligncenter\"><img decoding=\"async\" class=\"size-full wp-image-11887\" src=\"https:\/\/fengshuilogico.com\/blog\/wp-content\/uploads\/2009\/11\/aventurina.png\" alt=\"Aventurina - equil\u00edbrio emocional\" width=\"227\" height=\"189\" \/><figcaption id=\"caption-attachment-11887\" class=\"wp-caption-text\">Aventurina &#8211; equil\u00edbrio emocional<\/figcaption><\/figure>\n<p>E neste v\u00eddeo, dicas para atrair as ben\u00e9ficas energias da Sa\u00fade:<\/p>\n<div class=\"jeg_video_container jeg_video_content\"><iframe title=\"DICAS IMPORTANTES para a SA\u00daDE do CORPO e da ALMA\" width=\"500\" height=\"281\" src=\"https:\/\/www.youtube.com\/embed\/pEaenT4G6hs?feature=oembed\" frameborder=\"0\" allow=\"accelerometer; autoplay; clipboard-write; encrypted-media; gyroscope; picture-in-picture; web-share\" allowfullscreen><\/iframe><\/div>\n<blockquote><p>Stela Vecchi<\/p><\/blockquote>\n<p>Conhe\u00e7a uma nova oitava do Amor, leia o livro:<\/p>\n<p><a href=\"https:\/\/fengshuilogico.com\/blog\/2012\/12\/13\/livro-o-caminho-da-sabedoria-de-stela-vecchi\/\" target=\"_blank\" rel=\"noopener noreferrer\"><br \/>\n<strong>Download gr\u00e1tis &#8211; O Caminho da Sabedoria, de Stela Vecchi<\/strong><\/a><\/p>\n<p><a href=\"https:\/\/fengshuilogico.com\/blog\/wp-content\/uploads\/2013\/03\/OCaminhodaSabedoria_StelaVecchi.jpg\"><img decoding=\"async\" class=\"aligncenter size-full wp-image-5898\" src=\"https:\/\/fengshuilogico.com\/blog\/wp-content\/uploads\/2013\/03\/OCaminhodaSabedoria_StelaVecchi.jpg\" alt=\"OCaminhodaSabedoria_StelaVecchi\" width=\"200\" height=\"274\" \/><\/a><\/p>\n<p>INSCREVA-SE em nosso canal no YOUTUBE e receba v\u00eddeos atualizados com dicas e orienta\u00e7\u00f5es:<\/p>\n<p><strong> <a href=\"https:\/\/www.youtube.com\/watch?v=vpM0ZbpTA7s\" target=\"a_blank\" rel=\"noopener noreferrer\"> Inscreva-se Canal Youtube\/Feng Shui L\u00f3gico<\/a><\/strong><\/p>\n<p><strong> <a href=\"https:\/\/www.youtube.com\/watch?v=zOvlhbCF45M\/\" target=\"a_blank\" rel=\"noopener noreferrer\"> V\u00eddeo: Os Cinco Elementos para voc\u00ea decorar os ambientes, com Stela Vecchi<\/a> <\/strong><\/p>\n<blockquote><p>As melhores energias v\u00eam do amor pela Vida, pelo nosso planeta, pelo nosso solo, pela nossa gente e por n\u00f3s mesmos. Tudo o mais \u00e9 consequ\u00eancia disso.<\/p><\/blockquote>\n<p><strong> <a href=\"http:\/\/loja.fengshuilogico.com\/index.php\/livro-feng-shui-logico-comprar\/livro-feng-shui-logico.html\" target=\"a_blank\" rel=\"noopener noreferrer\"> Livro Feng Shui L\u00f3gico, Stela Vecchi, \u00cdcone Editora, 2004 &#8211; Compre aqui:<\/a><\/strong><\/p>\n<p><a href=\"https:\/\/fengshuilogico.com\/blog\/wp-content\/uploads\/2009\/05\/feng-shui-logico-stela-vecchi-icone-editora.png\"><img loading=\"lazy\" decoding=\"async\" class=\"aligncenter size-medium wp-image-7586\" src=\"https:\/\/fengshuilogico.com\/blog\/wp-content\/uploads\/2009\/05\/feng-shui-logico-stela-vecchi-icone-editora-205x300.png\" alt=\"feng-shui-logico-stela-vecchi-icone-editora\" width=\"205\" height=\"300\" srcset=\"https:\/\/fengshuilogico.com\/blog\/wp-content\/uploads\/2009\/05\/feng-shui-logico-stela-vecchi-icone-editora-205x300.png 205w, https:\/\/fengshuilogico.com\/blog\/wp-content\/uploads\/2009\/05\/feng-shui-logico-stela-vecchi-icone-editora.png 343w\" sizes=\"(max-width: 205px) 100vw, 205px\" \/><\/a><\/p>\n<p><strong> <a href=\"https:\/\/fengshuilogico.com\/blog\/2012\/10\/02\/como-nasceu-o-feng-shui-logico-e-a-adaptacao-do-ba-gua-para-o-hemisferio-sul\/\" target=\"a_blank\" rel=\"noopener noreferrer\"> A hist\u00f3ria do Feng Shui L\u00f3gico: como nasceu a adapta\u00e7\u00e3o do Ba-gu\u00e1 para o Hemisf\u00e9rio Sul?<\/a><\/strong><\/p>\n<p>Aprenda o M\u00e9todo Solar, com Stela Vecchi, que traz tantos benef\u00edcios e renova sua vida junto com os ciclos da natureza:<\/p>\n<p>Queridos amigos, grata por sua presen\u00e7a aqui!<br \/>\nSou Stela Vecchi, fundadora do Feng Shui L\u00f3gico, a Escola Solar de Feng Shui que ensina voc\u00ea a harmonizar sua casa (e sua vida!) com a luz solar colocando sua vida em sintonia com o fluxo vital da M\u00e3e Natureza.<br \/>\nQuando voc\u00ea alinha sua casa (e voc\u00ea!) com o Sol e os 8 ventos primordiais voc\u00ea cria a liga\u00e7\u00e3o com as for\u00e7as que regem a Vida. E sente o pertencimento que nos recarrega e refaz nossas for\u00e7as.<br \/>\nOs 8 ventos est\u00e3o associados \u00e0s dire\u00e7\u00f5es Norte, Sul, Leste e Oeste e \u00e0s 4 intermedi\u00e1rias: Nordeste, Noroeste, Sudeste e Sudoeste.<br \/>\nOs antigos s\u00e1bios chineses associaram essas dire\u00e7\u00f5es cardeais \u00e0s horas do dia, \u00e0s esta\u00e7\u00f5es do ano (inversas nos Hemisf\u00e9rios Norte e Sul) e \u00e0s \u00e1reas de nossas vidas: Fam\u00edlia e Sa\u00fade; Prosperidade; Sucesso; Relacionamentos; Criatividade e Filhos Pequenos; Amigos e Viagens; Trabalho e Autoconhecimento e Espiritualidade.<\/p>\n<p>Essa liga\u00e7\u00e3o se faz a partir do centro de sua casa e faz o alinhamento atrav\u00e9s da aplica\u00e7\u00e3o do Bagu\u00e1, o mapa da Harmonia com a Natureza.<\/p>\n<p>A Linha do Equador divide o planeta em duas \u201cmetades\u201d (hemisf\u00e9rio significa metade do globo terrestre ou da esfera celeste).<br \/>\nEsse Bagu\u00e1 est\u00e1 adaptado para o Hemisf\u00e9rio Sul.<\/p>\n<p>Essa t\u00e9cnica denominada Feng Shui L\u00f3gico criou o M\u00e9todo Solar e est\u00e1 explicada no livro Feng Shui L\u00f3gico, Stela Vecchi, \u00cdcone Editora, SP, 2004.<\/p>\n<p><a href=\"https:\/\/fengshuilogico.com\/blog\/wp-content\/uploads\/2009\/12\/CapaFSL_Icone_Editora-2.jpg\"><img loading=\"lazy\" decoding=\"async\" class=\"aligncenter wp-image-25222\" src=\"https:\/\/fengshuilogico.com\/blog\/wp-content\/uploads\/2009\/12\/CapaFSL_Icone_Editora-2.jpg\" alt=\"\" width=\"258\" height=\"362\" srcset=\"https:\/\/fengshuilogico.com\/blog\/wp-content\/uploads\/2009\/12\/CapaFSL_Icone_Editora-2.jpg 341w, https:\/\/fengshuilogico.com\/blog\/wp-content\/uploads\/2009\/12\/CapaFSL_Icone_Editora-2-214x300.jpg 214w\" sizes=\"(max-width: 258px) 100vw, 258px\" \/><\/a><\/p>\n<p>&nbsp;<\/p>\n<p>Neste link voc\u00ea encontra o livro no formato E-book (PDF) e impresso:<br \/>\n<strong><a href=\"https:\/\/loja.fengshuilogico.com\/livros\/\" target=\"_blank\" rel=\"noopener\">Livro Feng Shui L\u00f3gico &#8211; Compre aqui:<\/a><\/strong><\/p>\n<p>1. Apostila Curso B\u00e1sico Hemisf\u00e9rio SUL Feng Shui L\u00f3gico + 9 passos para harmonizar sua casa<br \/>\nApostila did\u00e1tica para voc\u00ea aprender o Feng Shui que coloca sua casa (e voc\u00ea!) em harmonia com a Natureza. Atraia mais Sa\u00fade, Harmonia e Prosperidade nessa conex\u00e3o com o Sol e seus ciclos.<br \/>\nValor: R$ 39,00:<br \/>\n<strong><a href=\"https:\/\/loja.fengshuilogico.com\/apostila-1-curso-basico-feng-shui-logico-hemisferio-sul-+-9-passos-para-harmonizar-sua-casa-p160\" target=\"_blank\" rel=\"noopener\">Adquira aqui: Apostila did\u00e1tica + 9 Passos para harmonizar sua casa<\/a><\/strong><\/p>\n<p>2. Curso Completo para quem quer aprofundar-se ou profissionalizar-se:<br \/>\nCurso B\u00e1sico Feng Shui L\u00f3gico Online Completo com v\u00eddeo-chamada<br \/>\nCurso bem completo, com tira-d\u00favidas personalizado: voc\u00ea vai aprender o m\u00e9todo in\u00e9dito que coloca sua casa (e voc\u00ea) em harmonia com o Sol e os ciclos da Natureza. Atraindo mais Sa\u00fade, Prosperidade, Amor e Harmonia para sua vida!<br \/>\nValor: R$ 239,00 (em 3 vezes sem juros pelo Paypal)<br \/>\n<strong><a href=\"https:\/\/loja.fengshuilogico.com\/curso-basico-feng-shui-logico-online-completo-com-video-chamada-p154\" target=\"_blank\" rel=\"noopener\">Clique aqui para adquirir: Curso B\u00e1sico Feng Shui L\u00f3gico Online Personalizado<\/a><\/strong><\/p>\n<p>Nos cursos de Feng Shui L\u00f3gico voc\u00ea recebe informa\u00e7\u00f5es que ser\u00e3o \u00fateis para toda sua vida!<\/p>\n<p><strong>Visite tamb\u00e9m o site: <a href=\"http:\/\/www.fengshuilogico.com\" target=\"_blank\" rel=\"noopener noreferrer\">www.fengshuilogico.com<\/a><\/strong><br \/>\nE o Blog: https:\/\/fengshuilogico.com\/blog\/<\/p>\n<p>\u2605\u2605\u2605\u2605\u2605<\/p>\n<p>SITE \u25ba https:\/\/fengshuilogico.com<\/p>\n<p>BLOG \u25ba https:\/\/blog.fengshuilogico.com<\/p>\n<p>LOJA \u25ba https:\/\/loja.fengshuilogico.com<\/p>\n<p>INSTAGRAM \u25ba https:\/\/instagram.com\/fengshuilogico<\/p>\n<p>FACEBOOK \u25ba https:\/\/facebook.com\/fengshuilogico<\/p>\n<p>***<\/p>\n<p>&nbsp;<\/p>\n<figure id=\"attachment_8632\" aria-describedby=\"caption-attachment-8632\" style=\"width: 640px\" class=\"wp-caption aligncenter\"><a href=\"https:\/\/fengshuilogico.com\/blog\/wp-content\/uploads\/2014\/12\/Mandor_kb.jpg\"><img loading=\"lazy\" decoding=\"async\" class=\"size-large wp-image-8632\" src=\"https:\/\/fengshuilogico.com\/blog\/wp-content\/uploads\/2014\/12\/Mandor_kb-768x1024.jpg\" alt=\"emo\u00e7\u00f5es vivas e serenas como as \u00e1guas cristalinas Mandor_Machupicchu\" width=\"640\" height=\"853\" srcset=\"https:\/\/fengshuilogico.com\/blog\/wp-content\/uploads\/2014\/12\/Mandor_kb-768x1024.jpg 768w, https:\/\/fengshuilogico.com\/blog\/wp-content\/uploads\/2014\/12\/Mandor_kb-225x300.jpg 225w, https:\/\/fengshuilogico.com\/blog\/wp-content\/uploads\/2014\/12\/Mandor_kb.jpg 1361w\" sizes=\"(max-width: 640px) 100vw, 640px\" \/><\/a><figcaption id=\"caption-attachment-8632\" class=\"wp-caption-text\">emo\u00e7\u00f5es vivas e serenas como as \u00e1guas cristalinas<br \/>Mandor_Machupicchu<\/figcaption><\/figure>\n","protected":false},"excerpt":{"rendered":"<p>As emo\u00e7\u00f5es negativas impedem que nossa vida atinja sensa\u00e7\u00f5es maiores de bem estar. Essas emo\u00e7\u00f5es podem gerar doen\u00e7as como a depress\u00e3o. Veja a import\u00e2ncia desse fato para nossa sa\u00fade e bem estar: Nosso corpo possui 70% de \u00e1gua. As \u00e1guas regem nossas emo\u00e7\u00f5es. Nossas emo\u00e7\u00f5es precisam ser compreendidas, aceitas e s\u00f3 ent\u00e3o podem nos abrir [&hellip;]<\/p>\n","protected":false},"author":6,"featured_media":25852,"comment_status":"open","ping_status":"open","sticky":false,"template":"","format":"standard","meta":{"footnotes":""},"categories":[2108,32,2442,2145],"tags":[1960,2696],"_links":{"self":[{"href":"https:\/\/fengshuilogico.com\/blog\/wp-json\/wp\/v2\/posts\/13603"}],"collection":[{"href":"https:\/\/fengshuilogico.com\/blog\/wp-json\/wp\/v2\/posts"}],"about":[{"href":"https:\/\/fengshuilogico.com\/blog\/wp-json\/wp\/v2\/types\/post"}],"author":[{"embeddable":true,"href":"https:\/\/fengshuilogico.com\/blog\/wp-json\/wp\/v2\/users\/6"}],"replies":[{"embeddable":true,"href":"https:\/\/fengshuilogico.com\/blog\/wp-json\/wp\/v2\/comments?post=13603"}],"version-history":[{"count":2,"href":"https:\/\/fengshuilogico.com\/blog\/wp-json\/wp\/v2\/posts\/13603\/revisions"}],"predecessor-version":[{"id":26193,"href":"https:\/\/fengshuilogico.com\/blog\/wp-json\/wp\/v2\/posts\/13603\/revisions\/26193"}],"wp:featuredmedia":[{"embeddable":true,"href":"https:\/\/fengshuilogico.com\/blog\/wp-json\/wp\/v2\/media\/25852"}],"wp:attachment":[{"href":"https:\/\/fengshuilogico.com\/blog\/wp-json\/wp\/v2\/media?parent=13603"}],"wp:term":[{"taxonomy":"category","embeddable":true,"href":"https:\/\/fengshuilogico.com\/blog\/wp-json\/wp\/v2\/categories?post=13603"},{"taxonomy":"post_tag","embeddable":true,"href":"https:\/\/fengshuilogico.com\/blog\/wp-json\/wp\/v2\/tags?post=13603"}],"curies":[{"name":"wp","href":"https:\/\/api.w.org\/{rel}","templated":true}]}}