{"id":12475,"date":"2017-06-15T17:28:21","date_gmt":"2017-06-15T20:28:21","guid":{"rendered":"https:\/\/fengshuilogico.com\/blog\/?p=12475"},"modified":"2025-09-28T18:07:54","modified_gmt":"2025-09-28T21:07:54","slug":"integrar-mente-e-coracao","status":"publish","type":"post","link":"https:\/\/fengshuilogico.com\/blog\/2017\/06\/15\/integrar-mente-e-coracao\/","title":{"rendered":"Como integrar mente e cora\u00e7\u00e3o?"},"content":{"rendered":"<p><img fetchpriority=\"high\" decoding=\"async\" class=\"aligncenter size-medium wp-image-12476\" src=\"https:\/\/fengshuilogico.com\/blog\/wp-content\/uploads\/2017\/06\/integridade1-284x300.jpg\" alt=\"\" width=\"284\" height=\"300\" srcset=\"https:\/\/fengshuilogico.com\/blog\/wp-content\/uploads\/2017\/06\/integridade1-284x300.jpg 284w, https:\/\/fengshuilogico.com\/blog\/wp-content\/uploads\/2017\/06\/integridade1.jpg 442w\" sizes=\"(max-width: 284px) 100vw, 284px\" \/><\/p>\n<p>Ao praticar a verdade, voc\u00ea integra mente e cora\u00e7\u00e3o.<br \/>\nO que seria do sal se perdesse suas propriedades de conservar a energia?<br \/>\nE quem somos n\u00f3s, se n\u00e3o nos conhecemos?<\/p>\n<p><strong>Quem \u00e9 voc\u00ea?<\/strong><\/p>\n<p>S\u00f3 a sua ess\u00eancia mais \u00edntima pode responder essa pergunta.<\/p>\n<p>O mais importante \u00e9 ser quem voc\u00ea \u00e9.<br \/>\nQue sua palavra esteja de acordo com seus sentimentos.<\/p>\n<p>Cuidadosamente, evite a duplicidade e as segundas inten\u00e7\u00f5es: mente e cora\u00e7\u00e3o devem tornar-se UM dentro de voc\u00ea para que sua alma se liberte.<br \/>\nE a sua palavra, express\u00e3o desse esp\u00edrito que anima voc\u00ea.<br \/>\nAo assumir sua identidade c\u00f3smica, o mundo come\u00e7a a tornar-se UM.<\/p>\n<p>INSCREVA-SE em nosso canal no YOUTUBE e receba v\u00eddeos atualizados com dicas e orienta\u00e7\u00f5es:<\/p>\n<p><strong> <a href=\"https:\/\/www.youtube.com\/watch?v=vpM0ZbpTA7s\" target=\"a_blank\" rel=\"noopener\"> Inscreva-se Canal Youtube\/Feng Shui L\u00f3gico<\/a><\/strong><\/p>\n<blockquote><p>As melhores energias v\u00eam do amor pela Vida, pelo nosso planeta, pelo nosso solo, pela nossa gente e por n\u00f3s mesmos. Tudo o mais \u00e9 consequ\u00eancia disso.<\/p><\/blockquote>\n<p><strong> <a href=\"http:\/\/loja.fengshuilogico.com\/index.php\/livro-feng-shui-logico-comprar\/livro-feng-shui-logico.html\" target=\"a_blank\" rel=\"noopener\"> Livro Feng Shui L\u00f3gico, Stela Vecchi, \u00cdcone Editora, 2004 &#8211; Compre aqui:<\/a><\/strong><\/p>\n<p><a href=\"https:\/\/fengshuilogico.com\/blog\/wp-content\/uploads\/2009\/05\/feng-shui-logico-stela-vecchi-icone-editora.png\"><img decoding=\"async\" class=\"aligncenter size-medium wp-image-7586\" src=\"https:\/\/fengshuilogico.com\/blog\/wp-content\/uploads\/2009\/05\/feng-shui-logico-stela-vecchi-icone-editora-205x300.png\" alt=\"feng-shui-logico-stela-vecchi-icone-editora\" width=\"205\" height=\"300\" srcset=\"https:\/\/fengshuilogico.com\/blog\/wp-content\/uploads\/2009\/05\/feng-shui-logico-stela-vecchi-icone-editora-205x300.png 205w, https:\/\/fengshuilogico.com\/blog\/wp-content\/uploads\/2009\/05\/feng-shui-logico-stela-vecchi-icone-editora.png 343w\" sizes=\"(max-width: 205px) 100vw, 205px\" \/><\/a><\/p>\n<p><strong> <a href=\"https:\/\/fengshuilogico.com\/blog\/2012\/10\/02\/como-nasceu-o-feng-shui-logico-e-a-adaptacao-do-ba-gua-para-o-hemisferio-sul\/\" target=\"a_blank\" rel=\"noopener\"> A hist\u00f3ria do Feng Shui L\u00f3gico: como nasceu a adapta\u00e7\u00e3o do Ba-gu\u00e1 para o Hemisf\u00e9rio Sul?<\/a><\/strong><\/p>\n<blockquote><p>&nbsp;<\/p><\/blockquote>\n<p><strong> <a href=\"http:\/\/loja.fengshuilogico.com\/\" target=\"_blank\" rel=\"noopener\"> Loja Feng Shui L\u00f3gico <\/a><\/strong><br \/>\n<strong>Confira o Programa do Curso B\u00e1sico em nosso Website:<\/strong><br \/>\n<strong><a href=\"https:\/\/loja.fengshuilogico.com\/curso-basico-feng-shui-logico-online-completo-com-video-chamada-p154\" target=\"_blank\" rel=\"noopener\">Programa Curso B\u00e1sico de Feng Shui L\u00f3gico<\/a><\/strong><br \/>\nParticipe dos cursos ministrados por Stela Vecchi:<br \/>\n<strong>Feng Shui L\u00f3gico: Curso B\u00e1sico, Avan\u00e7ado e Profissionalizante<\/strong><br \/>\nNos cursos de Feng Shui L\u00f3gico voc\u00ea recebe informa\u00e7\u00f5es que ser\u00e3o \u00fateis para toda sua vida!<\/p>\n<p><strong>Visite tamb\u00e9m o site: <a href=\"http:\/\/www.fengshuilogico.com\" target=\"_blank\" rel=\"noopener\">www.fengshuilogico.com<\/a><\/strong><\/p>\n","protected":false},"excerpt":{"rendered":"<p>Ao praticar a verdade, voc\u00ea integra mente e cora\u00e7\u00e3o. O que seria do sal se perdesse suas propriedades de conservar a energia? E quem somos n\u00f3s, se n\u00e3o nos conhecemos? Quem \u00e9 voc\u00ea? S\u00f3 a sua ess\u00eancia mais \u00edntima pode responder essa pergunta. O mais importante \u00e9 ser quem voc\u00ea \u00e9. Que sua palavra esteja [&hellip;]<\/p>\n","protected":false},"author":6,"featured_media":26777,"comment_status":"open","ping_status":"open","sticky":false,"template":"","format":"standard","meta":{"footnotes":""},"categories":[34,31,2350],"tags":[],"_links":{"self":[{"href":"https:\/\/fengshuilogico.com\/blog\/wp-json\/wp\/v2\/posts\/12475"}],"collection":[{"href":"https:\/\/fengshuilogico.com\/blog\/wp-json\/wp\/v2\/posts"}],"about":[{"href":"https:\/\/fengshuilogico.com\/blog\/wp-json\/wp\/v2\/types\/post"}],"author":[{"embeddable":true,"href":"https:\/\/fengshuilogico.com\/blog\/wp-json\/wp\/v2\/users\/6"}],"replies":[{"embeddable":true,"href":"https:\/\/fengshuilogico.com\/blog\/wp-json\/wp\/v2\/comments?post=12475"}],"version-history":[{"count":2,"href":"https:\/\/fengshuilogico.com\/blog\/wp-json\/wp\/v2\/posts\/12475\/revisions"}],"predecessor-version":[{"id":28789,"href":"https:\/\/fengshuilogico.com\/blog\/wp-json\/wp\/v2\/posts\/12475\/revisions\/28789"}],"wp:featuredmedia":[{"embeddable":true,"href":"https:\/\/fengshuilogico.com\/blog\/wp-json\/wp\/v2\/media\/26777"}],"wp:attachment":[{"href":"https:\/\/fengshuilogico.com\/blog\/wp-json\/wp\/v2\/media?parent=12475"}],"wp:term":[{"taxonomy":"category","embeddable":true,"href":"https:\/\/fengshuilogico.com\/blog\/wp-json\/wp\/v2\/categories?post=12475"},{"taxonomy":"post_tag","embeddable":true,"href":"https:\/\/fengshuilogico.com\/blog\/wp-json\/wp\/v2\/tags?post=12475"}],"curies":[{"name":"wp","href":"https:\/\/api.w.org\/{rel}","templated":true}]}}