{"id":10423,"date":"2014-12-21T10:40:45","date_gmt":"2014-12-21T13:40:45","guid":{"rendered":"https:\/\/fengshuilogico.com\/blog\/?p=10423"},"modified":"2019-03-25T19:42:29","modified_gmt":"2019-03-25T22:42:29","slug":"viva-em-harmonia-com-o-sol-e-a-natureza-pratique-feng-shui-logico","status":"publish","type":"post","link":"https:\/\/fengshuilogico.com\/blog\/2014\/12\/21\/viva-em-harmonia-com-o-sol-e-a-natureza-pratique-feng-shui-logico\/","title":{"rendered":"Viva em Harmonia com o Sol e a Natureza!<br>Pratique Feng Shui L\u00f3gico"},"content":{"rendered":"\n<p><\/p>\n\n\n\n<p><\/p>\n\n\n\n<p><\/p>\n\n\n<p>Viva em Harmonia com o Sol e a Natureza!<\/p>\n<p>Seja um ativista qu\u00e2ntico: Pratique Feng Shui L\u00f3gico.<\/p>\n<p>&#8220;A ideia central do ativismo qu\u00e2ntico \u00e9 a de que somos capazes de mudar o mundo e a n\u00f3s mesmos partindo de outros fundamentos que n\u00e3o o materialismo: a f\u00edsica qu\u00e2ntica, o desenvolvimento espiritual e o nosso poder criativo.&#8221;<br \/>Amit Goswami<!--more--> <!--more--><\/p>\n<p><a href=\"https:\/\/fengshuilogico.com\/blog\/wp-content\/uploads\/2015\/12\/ativista-quantico.png\"><img fetchpriority=\"high\" decoding=\"async\" class=\"aligncenter size-full wp-image-10424\" src=\"https:\/\/fengshuilogico.com\/blog\/wp-content\/uploads\/2015\/12\/ativista-quantico.png\" alt=\"ativista quantico\" width=\"187\" height=\"269\" \/><\/a><\/p>\n<figure id=\"attachment_9811\" aria-describedby=\"caption-attachment-9811\" style=\"width: 300px\" class=\"wp-caption aligncenter\"><a href=\"https:\/\/fengshuilogico.com\/blog\/wp-content\/uploads\/2009\/03\/Feng_Shui_Logico_Escola_Solar.2.jpg\"><img decoding=\"async\" class=\"size-medium wp-image-9811\" src=\"https:\/\/fengshuilogico.com\/blog\/wp-content\/uploads\/2009\/03\/Feng_Shui_Logico_Escola_Solar.2-300x169.jpg\" alt=\"Feng Shui L\u00f3gico M\u00e9todo Solar\" width=\"300\" height=\"169\" srcset=\"https:\/\/fengshuilogico.com\/blog\/wp-content\/uploads\/2009\/03\/Feng_Shui_Logico_Escola_Solar.2-300x169.jpg 300w, https:\/\/fengshuilogico.com\/blog\/wp-content\/uploads\/2009\/03\/Feng_Shui_Logico_Escola_Solar.2-1024x576.jpg 1024w, https:\/\/fengshuilogico.com\/blog\/wp-content\/uploads\/2009\/03\/Feng_Shui_Logico_Escola_Solar.2.jpg 1280w\" sizes=\"(max-width: 300px) 100vw, 300px\" \/><\/a><figcaption id=\"caption-attachment-9811\" class=\"wp-caption-text\">Feng Shui L\u00f3gico<br \/>M\u00e9todo Solar<\/figcaption><\/figure>\n<p>\u00a0<\/p>\n<figure id=\"attachment_9592\" aria-describedby=\"caption-attachment-9592\" style=\"width: 200px\" class=\"wp-caption aligncenter\"><a href=\"https:\/\/fengshuilogico.com\/blog\/wp-content\/uploads\/2009\/01\/bola-cristal-trabalho-sul-e1436894581299.jpg\"><img decoding=\"async\" class=\"size-medium wp-image-9592\" src=\"https:\/\/fengshuilogico.com\/blog\/wp-content\/uploads\/2009\/01\/bola-cristal-trabalho-sul-e1436894581299-200x300.jpg\" alt=\"Cristal facetado com detalhe preto - Trabalho -SUL no Hemisf\u00e9rio SUL\" width=\"200\" height=\"300\" srcset=\"https:\/\/fengshuilogico.com\/blog\/wp-content\/uploads\/2009\/01\/bola-cristal-trabalho-sul-e1436894581299-200x300.jpg 200w, https:\/\/fengshuilogico.com\/blog\/wp-content\/uploads\/2009\/01\/bola-cristal-trabalho-sul-e1436894581299-683x1024.jpg 683w, https:\/\/fengshuilogico.com\/blog\/wp-content\/uploads\/2009\/01\/bola-cristal-trabalho-sul-e1436894581299.jpg 852w\" sizes=\"(max-width: 200px) 100vw, 200px\" \/><\/a><figcaption id=\"caption-attachment-9592\" class=\"wp-caption-text\">Cristal facetado com detalhe preto &#8211; Trabalho -SUL no Hemisf\u00e9rio SUL<\/figcaption><\/figure>\n<p><a href=\"https:\/\/fengshuilogico.com\/blog\/wp-content\/uploads\/2014\/12\/sol-ver\u00e3o-casa.jpg\"><img loading=\"lazy\" decoding=\"async\" class=\"aligncenter size-medium wp-image-15923\" src=\"https:\/\/fengshuilogico.com\/blog\/wp-content\/uploads\/2009\/01\/Escola_Solar_1-300x169.jpg\" alt=\"\" width=\"300\" height=\"169\" srcset=\"https:\/\/fengshuilogico.com\/blog\/wp-content\/uploads\/2009\/01\/Escola_Solar_1-300x169.jpg 300w, https:\/\/fengshuilogico.com\/blog\/wp-content\/uploads\/2009\/01\/Escola_Solar_1-768x432.jpg 768w, https:\/\/fengshuilogico.com\/blog\/wp-content\/uploads\/2009\/01\/Escola_Solar_1-1024x576.jpg 1024w, https:\/\/fengshuilogico.com\/blog\/wp-content\/uploads\/2009\/01\/Escola_Solar_1.jpg 1280w\" sizes=\"(max-width: 300px) 100vw, 300px\" \/><img loading=\"lazy\" decoding=\"async\" class=\"aligncenter size-full wp-image-8669\" src=\"https:\/\/fengshuilogico.com\/blog\/wp-content\/uploads\/2014\/12\/sol-ver\u00e3o-casa.jpg\" alt=\"sol-ver\u00e3o-casa\" width=\"233\" height=\"216\" \/><\/a><\/p>\n<blockquote>\n<p>As melhores energias v\u00eam do amor pela Vida, pelo nosso planeta, pelo nosso solo, pela nossa gente e por n\u00f3s mesmos. Tudo o mais \u00e9 consequ\u00eancia disso.<\/p>\n<\/blockquote>\n<p>https:\/\/www.youtube.com\/watch?v=ii4NBjpDMMw<\/p>\n<p>\u00a0<\/p>\n<p>https:\/\/www.youtube.com\/watch?v=vRcXulAXjas<\/p>\n<p>\u00a0<\/p>\n<p><strong> <a href=\"http:\/\/loja.fengshuilogico.com\/index.php\/livro-feng-shui-logico-comprar\/livro-feng-shui-logico.html\" target=\"a_blank\" rel=\"noopener noreferrer\"> Livro Feng Shui L\u00f3gico, Stela Vecchi, \u00cdcone Editora, 2004 &#8211; Compre aqui:<\/a><\/strong><\/p>\n<p><a href=\"https:\/\/fengshuilogico.com\/blog\/wp-content\/uploads\/2009\/05\/feng-shui-logico-stela-vecchi-icone-editora.png\"><img loading=\"lazy\" decoding=\"async\" class=\"aligncenter size-medium wp-image-7586\" src=\"https:\/\/fengshuilogico.com\/blog\/wp-content\/uploads\/2009\/05\/feng-shui-logico-stela-vecchi-icone-editora-205x300.png\" alt=\"feng-shui-logico-stela-vecchi-icone-editora\" width=\"205\" height=\"300\" srcset=\"https:\/\/fengshuilogico.com\/blog\/wp-content\/uploads\/2009\/05\/feng-shui-logico-stela-vecchi-icone-editora-205x300.png 205w, https:\/\/fengshuilogico.com\/blog\/wp-content\/uploads\/2009\/05\/feng-shui-logico-stela-vecchi-icone-editora.png 343w\" sizes=\"(max-width: 205px) 100vw, 205px\" \/><\/a><\/p>\n<p><strong><a href=\"https:\/\/fengshuilogico.com\/blog\/2015\/10\/31\/o-que-e-feng-shui\/\" target=\"a_blank\" rel=\"noopener noreferrer\"> V\u00eddeo: O que \u00e9 Feng Shui?<br \/>Com Stela Vecchi<\/a> <\/strong><\/p>\n<p><strong> <a href=\"https:\/\/fengshuilogico.com\/blog\/2012\/10\/02\/como-nasceu-o-feng-shui-logico-e-a-adaptacao-do-ba-gua-para-o-hemisferio-sul\/\" target=\"a_blank\" rel=\"noopener noreferrer\"> A hist\u00f3ria do Feng Shui L\u00f3gico: como nasceu a adapta\u00e7\u00e3o do Ba-gu\u00e1 para o Hemisf\u00e9rio Sul?<\/a><\/strong><\/p>\n<p><strong><a href=\"https:\/\/fengshuilogico.com\/blog\/2015\/01\/29\/como-achar-o-norte-e-aplicar-o-ba-gua-para-o-hemisferio-sul\/\" target=\"a_blank\" rel=\"noopener noreferrer\">Video com Stela Vecchi: Como achar o Norte com a b\u00fassola? Feng Shui L\u00f3gico para o Hemisf\u00e9rio Sul <\/a> <\/strong><\/p>\n<p><strong>Confira a aplica\u00e7\u00e3o do ba-gu\u00e1:<a href=\"https:\/\/fengshuilogico.com\/blog\/2009\/01\/16\/como-aplicar-bagua-feng-shui\/\" target=\"_blank\" rel=\"noopener noreferrer\">Como aplicar o Ba-gu\u00e1 pelo M\u00e9todo Solar das Quatro Esta\u00e7\u00f5es segundo o Feng Shui L\u00f3gico<\/a><\/strong><\/p>\n<blockquote>\n<p>Loja Feng Shui L\u00f3gico &#8211; M\u00e9todo Solar das Quatro Esta\u00e7\u00f5es MSQE:<br \/>Bolas de cristal facetado com o cord\u00e3o vermelho; ba-gu\u00e1s (exclusivo) para o Hemisf\u00e9rio Sul; livros e apostilas de Feng Shui L\u00f3gico e mais:<\/p>\n<\/blockquote>\n<p><strong> <a href=\"http:\/\/loja.fengshuilogico.com\/\" target=\"_blank\" rel=\"noopener noreferrer\"> Loja Feng Shui L\u00f3gico <\/a><\/strong><br \/><strong>Confira o Programa do Curso B\u00e1sico em nosso Website:<\/strong><br \/><strong><a href=\"https:\/\/loja.fengshuilogico.com\/curso-basico-feng-shui-logico-online-completo-com-video-chamada-p154\" target=\"_blank\" rel=\"noopener noreferrer\">Programa Curso B\u00e1sico de Feng Shui L\u00f3gico<\/a><\/strong><br \/>Participe dos cursos ministrados por Stela Vecchi:<br \/><strong>Feng Shui L\u00f3gico: Curso B\u00e1sico, Avan\u00e7ado e Profissionalizante<\/strong><br \/>Nos cursos de Feng Shui L\u00f3gico voc\u00ea recebe informa\u00e7\u00f5es que ser\u00e3o \u00fateis para toda sua vida!<\/p>\n<p><strong>Visite tamb\u00e9m o site: <a href=\"http:\/\/www.fengshuilogico.com\" target=\"_blank\" rel=\"noopener noreferrer\">www.fengshuilogico.com<\/a><\/strong><\/p>","protected":false},"excerpt":{"rendered":"<p>Viva em Harmonia com o Sol e a Natureza! Seja um ativista qu\u00e2ntico: Pratique Feng Shui L\u00f3gico. &#8220;A ideia central do ativismo qu\u00e2ntico \u00e9 a de que somos capazes de mudar o mundo e a n\u00f3s mesmos partindo de outros fundamentos que n\u00e3o o materialismo: a f\u00edsica qu\u00e2ntica, o desenvolvimento espiritual e o nosso poder [&hellip;]<\/p>\n","protected":false},"author":6,"featured_media":15338,"comment_status":"open","ping_status":"open","sticky":false,"template":"","format":"standard","meta":{"footnotes":""},"categories":[25],"tags":[1329],"_links":{"self":[{"href":"https:\/\/fengshuilogico.com\/blog\/wp-json\/wp\/v2\/posts\/10423"}],"collection":[{"href":"https:\/\/fengshuilogico.com\/blog\/wp-json\/wp\/v2\/posts"}],"about":[{"href":"https:\/\/fengshuilogico.com\/blog\/wp-json\/wp\/v2\/types\/post"}],"author":[{"embeddable":true,"href":"https:\/\/fengshuilogico.com\/blog\/wp-json\/wp\/v2\/users\/6"}],"replies":[{"embeddable":true,"href":"https:\/\/fengshuilogico.com\/blog\/wp-json\/wp\/v2\/comments?post=10423"}],"version-history":[{"count":0,"href":"https:\/\/fengshuilogico.com\/blog\/wp-json\/wp\/v2\/posts\/10423\/revisions"}],"wp:featuredmedia":[{"embeddable":true,"href":"https:\/\/fengshuilogico.com\/blog\/wp-json\/wp\/v2\/media\/15338"}],"wp:attachment":[{"href":"https:\/\/fengshuilogico.com\/blog\/wp-json\/wp\/v2\/media?parent=10423"}],"wp:term":[{"taxonomy":"category","embeddable":true,"href":"https:\/\/fengshuilogico.com\/blog\/wp-json\/wp\/v2\/categories?post=10423"},{"taxonomy":"post_tag","embeddable":true,"href":"https:\/\/fengshuilogico.com\/blog\/wp-json\/wp\/v2\/tags?post=10423"}],"curies":[{"name":"wp","href":"https:\/\/api.w.org\/{rel}","templated":true}]}}